{"id":1347,"date":"2022-05-31T16:54:49","date_gmt":"2022-05-31T19:54:49","guid":{"rendered":"http:\/\/fazenda.cambe.pr.gov.br\/?p=1347"},"modified":"2024-10-08T08:24:42","modified_gmt":"2024-10-08T11:24:42","slug":"secretaria-municipal-de-fazenda-desenvolve-acoes-de-sustentabilidade-ambiental","status":"publish","type":"post","link":"https:\/\/fazenda.cambe.pr.gov.br\/index.php\/secretaria-municipal-de-fazenda-desenvolve-acoes-de-sustentabilidade-ambiental\/","title":{"rendered":"SECRETARIA MUNICIPAL DE FAZENDA DESENVOLVE A\u00c7\u00d5ES DE SUSTENTABILIDADE AMBIENTAL"},"content":{"rendered":"<p style=\"text-align: justify;\">\u00a0Pensando na preserva\u00e7\u00e3o do Meio Ambiente e na otimiza\u00e7\u00e3o do atendimento ao contribuinte, a Secretaria Municipal de Fazenda de Camb\u00e9 est\u00e1 desenvolvendo a\u00e7\u00f5es de sustentabilidade ambiental. As mudan\u00e7as reduzem, inclusive, os gastos com papel e com impress\u00f5es. Desta for<img fetchpriority=\"high\" decoding=\"async\" class=\"alignleft wp-image-1348\" src=\"https:\/\/fazenda.cambe.pr.gov.br\/wp-content\/uploads\/2022\/05\/Fazenda-Sustentabilidade.jpg\" alt=\"\" width=\"500\" height=\"409\" srcset=\"https:\/\/fazenda.cambe.pr.gov.br\/wp-content\/uploads\/2022\/05\/Fazenda-Sustentabilidade.jpg 1280w, https:\/\/fazenda.cambe.pr.gov.br\/wp-content\/uploads\/2022\/05\/Fazenda-Sustentabilidade-300x245.jpg 300w, https:\/\/fazenda.cambe.pr.gov.br\/wp-content\/uploads\/2022\/05\/Fazenda-Sustentabilidade-1024x837.jpg 1024w, https:\/\/fazenda.cambe.pr.gov.br\/wp-content\/uploads\/2022\/05\/Fazenda-Sustentabilidade-768x628.jpg 768w\" sizes=\"(max-width: 500px) 100vw, 500px\" \/>ma, a secretaria busca disponibilizar muitas ferramentas atrav\u00e9s do site da pasta, como o requerimento da guia de ITBI e a utiliza\u00e7\u00e3o de tablets para o setor de fiscaliza\u00e7\u00e3o para a libera\u00e7\u00e3o do alvar\u00e1 de licen\u00e7a.<\/p>\n<p style=\"text-align: justify;\">&#8220;A Secretaria de Fazenda abra\u00e7ou essa causa de buscar trabalhar com sustentabilidade e agilidade para o contribuinte. N\u00f3s estamos desenvolvendo algumas a\u00e7\u00f5es que visam dar agilidade na abertura de empresas, na libera\u00e7\u00e3o de guias de tributos, no atendimento ao contribuinte e, paralelo \u00e0 isso, existe a preocupa\u00e7\u00e3o com a sustentabilidade&#8221;, explicou o secret\u00e1rio municipal de Fazenda, Gabriel C\u00e2ndido.<\/p>\n<p style=\"text-align: justify;\">O secret\u00e1rio lembrou a import\u00e2ncia do trabalho em uni\u00e3o, que gera resultados positivos para toda uma cidade. &#8220;Eu entendo que se cada um de n\u00f3s fizer um pouco, com certeza, o mundo todo ganha e estaremos fazendo a nossa parte. Ent\u00e3o, se cada secretaria, se cada departamento, se cada prefeitura, se cada pessoa fizer um pouco para ajudar na sustentabilidade ambiental do planeta, no final, vai ajudar para que tenhamos uma qualidade de vida melhor&#8221;, afirmou o secret\u00e1rio.<\/p>\n<p style=\"text-align: justify;\">Ainda de acordo com ele, as a\u00e7\u00f5es desenvolvidas trazem diversos benef\u00edcios para a Prefeitura e para o contribuinte. &#8220;Desenvolvemos algumas ferramentas. Duas delas s\u00e3o a disponibiliza\u00e7\u00e3o de alguns requerimentos, algumas guias, atrav\u00e9s do site, evitando a impress\u00e3o, o gasto e a utiliza\u00e7\u00e3o de pap\u00e9is. Al\u00e9m disso, d\u00e1 mais agilidade para o contribuinte. A outra ferramenta \u00e9 a utiliza\u00e7\u00e3o da tecnologia para a libera\u00e7\u00e3o do alvar\u00e1 de licen\u00e7a, que antes era necess\u00e1rio imprimir todo o procedimento, e agora, com medidas simples como a utiliza\u00e7\u00e3o dos tablets pela fiscaliza\u00e7\u00e3o, o parecer do fiscal j\u00e1 \u00e9 dado direto no processo e, eletronicamente, j\u00e1 \u00e9 dada a resposta para que o requerente possa dar andamento no pedido de alvar\u00e1&#8221;, explicou o secret\u00e1rio.<\/p>\n<p style=\"text-align: justify;\">Primeiramente, \u00e9 importante lembrar o que \u00e9 sustentabilidade ambiental e como influencia nas quest\u00f5es econ\u00f4micas e sociais de um munic\u00edpio. A preocupa\u00e7\u00e3o em preservar o meio ambiente come\u00e7ou por volta de 1970. Na \u00e9poca, os preju\u00edzos deixados pela industrializa\u00e7\u00e3o, iniciada no s\u00e9culo XIX, com a Revolu\u00e7\u00e3o Industrial, foram sendo cada vez mais notados pela sociedade. No entanto, somente na d\u00e9cada de 80, a Comiss\u00e3o Mundial sobre Meio Ambiente da ONU criou a express\u00e3o e sugeriu as primeiras medidas de sustentabilidade ambiental. O grande desafio das cidades \u00e9 encontrar o equil\u00edbrio entre a sustentabilidade ambiental, econ\u00f4mica e social.<\/p>\n<p style=\"text-align: justify;\">As tr\u00eas \u00e1reas devem ser consideradas em conjunto e devem abranger todos esses interesses. O principal objetivo da sustentabilidade ambiental \u00e9 incentivar o uso dos recursos naturais de forma respons\u00e1vel, garantindo que continuem existindo e possam ser aproveitados pelas pr\u00f3ximas gera\u00e7\u00f5es. Al\u00e9m disso, busca reduzir problemas ambientais como a polui\u00e7\u00e3o, o efeito estufa, o aquecimento global, a extin\u00e7\u00e3o de animais e vegeta\u00e7\u00f5es, e o fim dos recursos naturais.<\/p>\n<p style=\"text-align: justify;\">Dentre os benef\u00edcios das a\u00e7\u00f5es de sustentabilidade ambiental est\u00e3o o aumento da qualidade de vida das pessoas, o equil\u00edbrio do meio ambiente e de todos os seus ecossistemas, a diminui\u00e7\u00e3o de desastres naturais como alagamentos, deslizamentos de terra, rompimento de barragens, entre outros. No Brasil, a ocorr\u00eancia desses desastres \u00e9 recorrente. O pa\u00eds enfrenta a polui\u00e7\u00e3o, o desmatamento e uma grande quantidade de lixo n\u00e3o reciclada.<\/p>\n<p style=\"text-align: justify;\">As principais recomenda\u00e7\u00f5es para a popula\u00e7\u00e3o em geral s\u00e3o:<\/p>\n<p style=\"text-align: justify;\">&#8211; Evitar o desperd\u00edcio de \u00e1gua;<br \/>\n&#8211; N\u00e3o jogar lixo no ch\u00e3o;<br \/>\n&#8211; Criar o h\u00e1bito de separar e reciclar o lixo de casa;<br \/>\n&#8211; Usar transportes mais sustent\u00e1veis.<\/p>\n<p style=\"text-align: justify;\">J\u00e1 as empresas tamb\u00e9m podem realizar a\u00e7\u00f5es que contribuam para a preserva\u00e7\u00e3o do meio ambiente:<\/p>\n<p style=\"text-align: justify;\">&#8211; Criar pol\u00edticas para reduzir o impacto ambiental em suas atividades;<br \/>\n&#8211; Usar tecnologias sustent\u00e1veis;<br \/>\n&#8211; Reciclar papeis, embalagens e outros materiais;<br \/>\n&#8211; Criar programas de educa\u00e7\u00e3o e inclus\u00e3o social.<\/p>\n<p style=\"text-align: justify;\">Buscando cada vez mais melhorar o atendimento e o relacionamento com o contribuinte, bem como, contribuir para a sustentabilidade ambiental, a Prefeitura de Camb\u00e9, por meio da Secretaria Municipal de Fazenda, em parceria com Correios, instituiu tamb\u00e9m o servi\u00e7o de e-Carta. \u201cNo dia 10, n\u00f3s tivemos uma reuni\u00e3o com o secret\u00e1rio de Fazenda, Gabriel C\u00e2ndido. A Prefeitura de Camb\u00e9 tem usado o servi\u00e7o do e-carta e esse servi\u00e7o d\u00e1 uma solu\u00e7\u00e3o completa porque a prefeitura economiza com papel, ganha tempo, reduz gastos com papel, m\u00e3o de obra de\u00a0funcion\u00e1rio, ent\u00e3o \u00e9 um servi\u00e7o que agrega muito para as prefeituras\u201d, explicou Elton da Silva Martins, Assistente Comercial do Correios.<\/p>\n<p style=\"text-align: justify;\">Ainda de acordo com ele, o e-Carta \u00e9 uma solu\u00e7\u00e3o postal h\u00edbrida, na qual o processo de prepara\u00e7\u00e3o, produ\u00e7\u00e3o, impress\u00e3o, envelopamento, envio e entrega de documentos, como IPTU, ISS, Comunicados, entre outros, fica a cargo do Correios. A Prefeitura se preocupa apenas em encaminhar para o Correios os arquivos com os dados e as informa\u00e7\u00f5es dos documentos. As empresas que precisam enviar mensagens f\u00edsicas, por meio do e-Carta, conseguem fazer isso em qualquer hor\u00e1rio, sem a necessidade de ir em uma ag\u00eancia.<\/p>\n<p>Escrito por Isabela Pinheiro sob supervis\u00e3o de Thiago Mossini<\/p>\n<p style=\"text-align: justify;\">\n","protected":false},"excerpt":{"rendered":"<p>\u00a0Pensando na preserva\u00e7\u00e3o do Meio Ambiente e na otimiza\u00e7\u00e3o do atendimento ao contribuinte, a Secretaria Municipal de Fazenda de Camb\u00e9 est\u00e1 desenvolvendo a\u00e7\u00f5es de sustentabilidade ambiental. As mudan\u00e7as reduzem, inclusive, os gastos com papel e com impress\u00f5es. Desta forma, a secretaria busca disponibilizar muitas ferramentas atrav\u00e9s do site da pasta, como o requerimento da guia [&hellip;]<\/p>\n","protected":false},"author":5,"featured_media":0,"comment_status":"closed","ping_status":"open","sticky":false,"template":"","format":"standard","meta":{"footnotes":""},"categories":[13],"tags":[],"class_list":["post-1347","post","type-post","status-publish","format-standard","hentry","category-pagina-inicial"],"_links":{"self":[{"href":"https:\/\/fazenda.cambe.pr.gov.br\/index.php\/wp-json\/wp\/v2\/posts\/1347","targetHints":{"allow":["GET"]}}],"collection":[{"href":"https:\/\/fazenda.cambe.pr.gov.br\/index.php\/wp-json\/wp\/v2\/posts"}],"about":[{"href":"https:\/\/fazenda.cambe.pr.gov.br\/index.php\/wp-json\/wp\/v2\/types\/post"}],"author":[{"embeddable":true,"href":"https:\/\/fazenda.cambe.pr.gov.br\/index.php\/wp-json\/wp\/v2\/users\/5"}],"replies":[{"embeddable":true,"href":"https:\/\/fazenda.cambe.pr.gov.br\/index.php\/wp-json\/wp\/v2\/comments?post=1347"}],"version-history":[{"count":4,"href":"https:\/\/fazenda.cambe.pr.gov.br\/index.php\/wp-json\/wp\/v2\/posts\/1347\/revisions"}],"predecessor-version":[{"id":1550,"href":"https:\/\/fazenda.cambe.pr.gov.br\/index.php\/wp-json\/wp\/v2\/posts\/1347\/revisions\/1550"}],"wp:attachment":[{"href":"https:\/\/fazenda.cambe.pr.gov.br\/index.php\/wp-json\/wp\/v2\/media?parent=1347"}],"wp:term":[{"taxonomy":"category","embeddable":true,"href":"https:\/\/fazenda.cambe.pr.gov.br\/index.php\/wp-json\/wp\/v2\/categories?post=1347"},{"taxonomy":"post_tag","embeddable":true,"href":"https:\/\/fazenda.cambe.pr.gov.br\/index.php\/wp-json\/wp\/v2\/tags?post=1347"}],"curies":[{"name":"wp","href":"https:\/\/api.w.org\/{rel}","templated":true}]}}