{"id":1297,"date":"2022-03-09T16:15:43","date_gmt":"2022-03-09T19:15:43","guid":{"rendered":"http:\/\/fazenda.cambe.pr.gov.br\/?p=1297"},"modified":"2024-10-08T08:24:42","modified_gmt":"2024-10-08T11:24:42","slug":"cambeenses-tem-ate-15-de-marco-para-garantirem-25-de-desconto-no-iptu","status":"publish","type":"post","link":"https:\/\/fazenda.cambe.pr.gov.br\/index.php\/cambeenses-tem-ate-15-de-marco-para-garantirem-25-de-desconto-no-iptu\/","title":{"rendered":"Cambeenses t\u00eam at\u00e9 15 de mar\u00e7o para garantirem 25% de desconto no IPTU"},"content":{"rendered":"<p><img fetchpriority=\"high\" decoding=\"async\" class=\"size-medium wp-image-1298 alignleft\" src=\"https:\/\/fazenda.cambe.pr.gov.br\/wp-content\/uploads\/2022\/03\/Cambe-Panoramico-300x214.jpg\" alt=\"\" width=\"300\" height=\"214\" srcset=\"https:\/\/fazenda.cambe.pr.gov.br\/wp-content\/uploads\/2022\/03\/Cambe-Panoramico-300x214.jpg 300w, https:\/\/fazenda.cambe.pr.gov.br\/wp-content\/uploads\/2022\/03\/Cambe-Panoramico.jpg 600w\" sizes=\"(max-width: 300px) 100vw, 300px\" \/><\/p>\n<p>Os contribuintes cambeenses que ainda n\u00e3o quitaram o IPTU de 2022 t\u00eam at\u00e9 a pr\u00f3xima ter\u00e7a-feira, dia 15 de mar\u00e7o, para garantirem 25% de desconto no valor do imposto. Para quem prefere pagar o IPTU de forma parcelada, a primeira parcela tamb\u00e9m vence no dia 15 de mar\u00e7o. Em todas as\u00a0 modalidades, o contribuinte recebe desconto: quem paga o valor total \u00e0 vista at\u00e9 o dia 15 de mar\u00e7o garante 25% de desconto; mas para quem quiser parcelar, os descontos s\u00e3o decrescentes, que v\u00e3o de 20% a at\u00e9 10%, dependendo da op\u00e7\u00e3o de parcelamento. O munic\u00edpio conta com 42.632 im\u00f3veis tribut\u00e1veis e a expectativa de arrecada\u00e7\u00e3o neste ano \u00e9 de R$ 22 milh\u00f5es.<\/p>\n<p>Gabriel C\u00e2ndido, secret\u00e1rio da pasta, explica que mais de 98% dos carn\u00eas do IPTU j\u00e1 foram distribu\u00eddos e o restante ser\u00e1 entregue at\u00e9 nesta quinta-feira (10). Quem ainda n\u00e3o recebeu o carn\u00ea, pode tamb\u00e9m obter pelo site da Secretaria de Fazenda, dispon\u00edvel em:\u00a0<a href=\"https:\/\/fazenda.cambe.pr.gov.br\/\">https:\/\/fazenda.cambe.pr.gov.br\/<\/a>. \u201cEsse desconto \u00e9 bastante ben\u00e9fico para o contribuinte, por ser um desconto consider\u00e1vel, um quarto do tributo, \u00e9 muito interessante para aqueles que podem usufruir desse benef\u00edcio\u201d, ressalta. Os cambeenses tamb\u00e9m podem pagar \u00e0 vista o IPTU at\u00e9 os dias 31 de mar\u00e7o e 15 de abril, mas o valor do desconto ser\u00e1 de 20% e 15%, respectivamente.<\/p>\n<p>O carn\u00ea enviado pelos correios conta apenas com a op\u00e7\u00e3o de pagamento \u00e0 vista. Para mudar a forma de pagamento do imposto, \u00e9 necess\u00e1rio gerar a op\u00e7\u00e3o no site. Os boletos tamb\u00e9m podem ser retirados presencialmente na Secretaria de Fazenda, que fica na Rua Par\u00e1, 264 e funciona de segunda a sexta-feira das 8h30 \u00e0s 11h30 e das 13h \u00e0s 16h.<\/p>\n<p>Sob a supervis\u00e3o de Mateus Itiyama<\/p>\n","protected":false},"excerpt":{"rendered":"<p>Os contribuintes cambeenses que ainda n\u00e3o quitaram o IPTU de 2022 t\u00eam at\u00e9 a pr\u00f3xima ter\u00e7a-feira, dia 15 de mar\u00e7o, para garantirem 25% de desconto no valor do imposto. Para quem prefere pagar o IPTU de forma parcelada, a primeira parcela tamb\u00e9m vence no dia 15 de mar\u00e7o. Em todas as\u00a0 modalidades, o contribuinte recebe [&hellip;]<\/p>\n","protected":false},"author":5,"featured_media":0,"comment_status":"closed","ping_status":"open","sticky":false,"template":"","format":"standard","meta":{"footnotes":""},"categories":[1],"tags":[],"class_list":["post-1297","post","type-post","status-publish","format-standard","hentry","category-sem-categoria"],"_links":{"self":[{"href":"https:\/\/fazenda.cambe.pr.gov.br\/index.php\/wp-json\/wp\/v2\/posts\/1297","targetHints":{"allow":["GET"]}}],"collection":[{"href":"https:\/\/fazenda.cambe.pr.gov.br\/index.php\/wp-json\/wp\/v2\/posts"}],"about":[{"href":"https:\/\/fazenda.cambe.pr.gov.br\/index.php\/wp-json\/wp\/v2\/types\/post"}],"author":[{"embeddable":true,"href":"https:\/\/fazenda.cambe.pr.gov.br\/index.php\/wp-json\/wp\/v2\/users\/5"}],"replies":[{"embeddable":true,"href":"https:\/\/fazenda.cambe.pr.gov.br\/index.php\/wp-json\/wp\/v2\/comments?post=1297"}],"version-history":[{"count":1,"href":"https:\/\/fazenda.cambe.pr.gov.br\/index.php\/wp-json\/wp\/v2\/posts\/1297\/revisions"}],"predecessor-version":[{"id":1299,"href":"https:\/\/fazenda.cambe.pr.gov.br\/index.php\/wp-json\/wp\/v2\/posts\/1297\/revisions\/1299"}],"wp:attachment":[{"href":"https:\/\/fazenda.cambe.pr.gov.br\/index.php\/wp-json\/wp\/v2\/media?parent=1297"}],"wp:term":[{"taxonomy":"category","embeddable":true,"href":"https:\/\/fazenda.cambe.pr.gov.br\/index.php\/wp-json\/wp\/v2\/categories?post=1297"},{"taxonomy":"post_tag","embeddable":true,"href":"https:\/\/fazenda.cambe.pr.gov.br\/index.php\/wp-json\/wp\/v2\/tags?post=1297"}],"curies":[{"name":"wp","href":"https:\/\/api.w.org\/{rel}","templated":true}]}}