{"id":1290,"date":"2022-02-21T14:06:03","date_gmt":"2022-02-21T17:06:03","guid":{"rendered":"http:\/\/fazenda.cambe.pr.gov.br\/?p=1290"},"modified":"2024-10-08T08:24:43","modified_gmt":"2024-10-08T11:24:43","slug":"oportunidade-acabando-descontos-do-refis-de-ate-100-terminam-na-sexta-feira-25-02","status":"publish","type":"post","link":"https:\/\/fazenda.cambe.pr.gov.br\/index.php\/oportunidade-acabando-descontos-do-refis-de-ate-100-terminam-na-sexta-feira-25-02\/","title":{"rendered":"Oportunidade acabando: Descontos do Refis de at\u00e9 100% terminam na sexta-feira (25\/02)"},"content":{"rendered":"<p style=\"text-align: justify;\"><img decoding=\"async\" class=\" wp-image-1291 alignleft\" src=\"https:\/\/fazenda.cambe.pr.gov.br\/wp-content\/uploads\/2022\/02\/Refis-Cambe-Ultima-Semana-300x57.jpeg\" alt=\"\" width=\"369\" height=\"70\" srcset=\"https:\/\/fazenda.cambe.pr.gov.br\/wp-content\/uploads\/2022\/02\/Refis-Cambe-Ultima-Semana-300x57.jpeg 300w, https:\/\/fazenda.cambe.pr.gov.br\/wp-content\/uploads\/2022\/02\/Refis-Cambe-Ultima-Semana.jpeg 740w\" sizes=\"(max-width: 369px) 100vw, 369px\" \/>O prazo para renegocia\u00e7\u00e3o de d\u00edvidas com o Munic\u00edpio atrav\u00e9s do Refis, termina na sexta-feira (25\/02). Os mun\u00edcipes com d\u00edvidas em aberto devem comparecer na Central de Atendimentos na Rua Par\u00e1 264, das 8h30 \u00e0s 11h30 ou das 13h00 \u00e0s 16h00. A negocia\u00e7\u00e3o precisa ser realizada dentro do prazo para que os descontos do Refis possam ser mantidos. \u201cComo dia 28 de fevereiro \u00e9 segunda-feira de Carnaval e foi decretado ponto facultativo no Munic\u00edpio, o Refis termina oficialmente, na sexta-feira (25\/02)\u201d, refor\u00e7a o secret\u00e1rio de Fazenda, Gabriel C\u00e2ndido.<\/p>\n<p style=\"text-align: justify;\">Ele lembra que esta \u00e9 uma grande oportunidade de regularizar a situa\u00e7\u00e3o com o fisco municipal e que para isso, \u00e9 preciso se atentar ao prazo. \u201cO vencimento da primeira parcela pode ser deixado para at\u00e9 dia 10 de mar\u00e7o, o que o cidad\u00e3o precisa fazer \u00e9 vir aderir ao parcelamento e assinar o termo de confiss\u00e3o de d\u00edvida at\u00e9 o dia 25, porque se ele vier no dia 1 de mar\u00e7o ele perde o desconto do Refis\u201d, destaca.<\/p>\n<p style=\"text-align: justify;\">O secret\u00e1rio lembra ainda que para pagamento \u00e0 vista h\u00e1 100% de desconto das multas e juros, e aqueles que optarem por at\u00e9 12 parcelas, ter\u00e3o 70% de abatimento. Com parcelamento de 13 a 24 vezes, o desconto vai para 70% e a partir de 25 at\u00e9 36 parcelas o valor do desconto em multas e juros, \u00e9 de 50%.<\/p>\n<p style=\"text-align: justify;\">Lembrando que no caso de pagamento de d\u00edvidas imobili\u00e1rias, o cidad\u00e3o precisa ser propriet\u00e1rio, possuidor ou procurador e deve apresentar a escritura do im\u00f3vel e um documento que comprove a posse dele, al\u00e9m de documentos pessoais. No caso de empresas, o representante legal da empresa deve portar um documento que prove isto, o contrato social e documentos pessoais.<\/p>\n<p style=\"text-align: justify;\">\u201cAt\u00e9 o dia 17 de fevereiro, foram recuperados na D\u00edvida Ativa R$ 5 milh\u00f5es\u201d, revela C\u00e2ndido. Desta forma, j\u00e1 foi superada a expectativa de todo o per\u00edodo, que era de R$ 3,5 milh\u00f5es.<\/p>\n","protected":false},"excerpt":{"rendered":"<p>O prazo para renegocia\u00e7\u00e3o de d\u00edvidas com o Munic\u00edpio atrav\u00e9s do Refis, termina na sexta-feira (25\/02). Os mun\u00edcipes com d\u00edvidas em aberto devem comparecer na Central de Atendimentos na Rua Par\u00e1 264, das 8h30 \u00e0s 11h30 ou das 13h00 \u00e0s 16h00. A negocia\u00e7\u00e3o precisa ser realizada dentro do prazo para que os descontos do Refis [&hellip;]<\/p>\n","protected":false},"author":5,"featured_media":0,"comment_status":"closed","ping_status":"open","sticky":false,"template":"","format":"standard","meta":{"footnotes":""},"categories":[1],"tags":[],"class_list":["post-1290","post","type-post","status-publish","format-standard","hentry","category-sem-categoria"],"_links":{"self":[{"href":"https:\/\/fazenda.cambe.pr.gov.br\/index.php\/wp-json\/wp\/v2\/posts\/1290","targetHints":{"allow":["GET"]}}],"collection":[{"href":"https:\/\/fazenda.cambe.pr.gov.br\/index.php\/wp-json\/wp\/v2\/posts"}],"about":[{"href":"https:\/\/fazenda.cambe.pr.gov.br\/index.php\/wp-json\/wp\/v2\/types\/post"}],"author":[{"embeddable":true,"href":"https:\/\/fazenda.cambe.pr.gov.br\/index.php\/wp-json\/wp\/v2\/users\/5"}],"replies":[{"embeddable":true,"href":"https:\/\/fazenda.cambe.pr.gov.br\/index.php\/wp-json\/wp\/v2\/comments?post=1290"}],"version-history":[{"count":2,"href":"https:\/\/fazenda.cambe.pr.gov.br\/index.php\/wp-json\/wp\/v2\/posts\/1290\/revisions"}],"predecessor-version":[{"id":1293,"href":"https:\/\/fazenda.cambe.pr.gov.br\/index.php\/wp-json\/wp\/v2\/posts\/1290\/revisions\/1293"}],"wp:attachment":[{"href":"https:\/\/fazenda.cambe.pr.gov.br\/index.php\/wp-json\/wp\/v2\/media?parent=1290"}],"wp:term":[{"taxonomy":"category","embeddable":true,"href":"https:\/\/fazenda.cambe.pr.gov.br\/index.php\/wp-json\/wp\/v2\/categories?post=1290"},{"taxonomy":"post_tag","embeddable":true,"href":"https:\/\/fazenda.cambe.pr.gov.br\/index.php\/wp-json\/wp\/v2\/tags?post=1290"}],"curies":[{"name":"wp","href":"https:\/\/api.w.org\/{rel}","templated":true}]}}